{"id":223,"date":"2024-04-14T23:35:08","date_gmt":"2024-04-14T21:35:08","guid":{"rendered":"https:\/\/aresima.antropologiamadrid.org\/?p=223"},"modified":"2025-05-10T12:17:28","modified_gmt":"2025-05-10T10:17:28","slug":"i-concurso-fotoaresima","status":"publish","type":"post","link":"https:\/\/aresima.antropologiamadrid.org\/?p=223","title":{"rendered":"I Concurso FotoARESIMA"},"content":{"rendered":"\n<figure class=\"wp-block-image size-large\"><a href=\"https:\/\/academia.asociacioneleusis.es\/fotoaresima\/\"><img decoding=\"async\" src=\"https:\/\/aresima.antropologiamadrid.org\/wp-content\/uploads\/2024\/04\/ARESIMA-CONCURSO-FOTOGRAFIA-ABRIL2024-02_3-950x1024.jpg\" alt=\"\" class=\"wp-image-222\"\/><\/a><\/figure>\n\n\n<div class=\"wp-block-image\">\n<figure class=\"aligncenter size-large\"><a href=\"https:\/\/academia.asociacioneleusis.es\/fotoaresima\/\"><img loading=\"lazy\" decoding=\"async\" width=\"944\" height=\"1024\" src=\"https:\/\/aresima.antropologiamadrid.org\/wp-content\/uploads\/2024\/04\/ARESIMA-CONCURSO-FOTOGRAFIA-ABRIL2024-02-944x1024.jpg\" alt=\"\" class=\"wp-image-227\" srcset=\"https:\/\/aresima.antropologiamadrid.org\/wp-content\/uploads\/2024\/04\/ARESIMA-CONCURSO-FOTOGRAFIA-ABRIL2024-02-944x1024.jpg 944w, https:\/\/aresima.antropologiamadrid.org\/wp-content\/uploads\/2024\/04\/ARESIMA-CONCURSO-FOTOGRAFIA-ABRIL2024-02-277x300.jpg 277w, https:\/\/aresima.antropologiamadrid.org\/wp-content\/uploads\/2024\/04\/ARESIMA-CONCURSO-FOTOGRAFIA-ABRIL2024-02-768x833.jpg 768w, https:\/\/aresima.antropologiamadrid.org\/wp-content\/uploads\/2024\/04\/ARESIMA-CONCURSO-FOTOGRAFIA-ABRIL2024-02.jpg 1112w\" sizes=\"auto, (max-width: 944px) 100vw, 944px\" \/><\/a><\/figure>\n<\/div>\n\n\n<p>Hacer visible, con una <strong>mirada antropol\u00f3gica<\/strong>, cualquier tipo de pr\u00e1ctica religiosa o espiritual, en sentido muy amplio, incluyendo otro tipo de pr\u00e1cticas relacionadas con ellas, como pueden ser las pr\u00e1cticas de sanaci\u00f3n. Se valorar\u00e1 particularmente el <strong>valor documental<\/strong> de las im\u00e1genes presentadas. La mirada antropol\u00f3gica se visibiliza en la relaci\u00f3n que se da entre los seres humanos y no humanos (sus gestos, sus miradas, sus cuerpos) y los objetos, actividades, espacios, etc., religiosos, espirituales, de sanaci\u00f3n&#8230;<\/p>\n\n\n\n<p>Las BASES del concurso est\u00e1n <a href=\"https:\/\/academia.asociacioneleusis.es\/fotoaresima\/\">AQU\u00cd<\/a>.<\/p>\n","protected":false},"excerpt":{"rendered":"<p>Hacer visible, con una mirada antropol\u00f3gica, cualquier tipo de pr\u00e1ctica religiosa o espiritual, en sentido muy amplio, incluyendo otro tipo de pr\u00e1cticas relacionadas con ellas, como pueden ser las pr\u00e1cticas&hellip;&nbsp;<a href=\"https:\/\/aresima.antropologiamadrid.org\/?p=223\" class=\"\" rel=\"bookmark\">Leer m\u00e1s &raquo;<span class=\"screen-reader-text\">I Concurso FotoARESIMA<\/span><\/a><\/p>\n","protected":false},"author":1,"featured_media":227,"comment_status":"closed","ping_status":"open","sticky":false,"template":"","format":"standard","meta":{"neve_meta_sidebar":"","neve_meta_container":"","neve_meta_enable_content_width":"","neve_meta_content_width":0,"neve_meta_title_alignment":"","neve_meta_author_avatar":"","neve_post_elements_order":"","neve_meta_disable_header":"","neve_meta_disable_footer":"","neve_meta_disable_title":"","_themeisle_gutenberg_block_has_review":false,"footnotes":""},"categories":[11,3],"tags":[12,7,6,9,5,8,10],"class_list":["post-223","post","type-post","status-publish","format-standard","has-post-thumbnail","hentry","category-fotoaresima","category-blog","tag-fotoaresima","tag-antropologia","tag-concursos","tag-espiritualidad","tag-fotografia","tag-religion","tag-sanacion"],"_links":{"self":[{"href":"https:\/\/aresima.antropologiamadrid.org\/index.php?rest_route=\/wp\/v2\/posts\/223","targetHints":{"allow":["GET"]}}],"collection":[{"href":"https:\/\/aresima.antropologiamadrid.org\/index.php?rest_route=\/wp\/v2\/posts"}],"about":[{"href":"https:\/\/aresima.antropologiamadrid.org\/index.php?rest_route=\/wp\/v2\/types\/post"}],"author":[{"embeddable":true,"href":"https:\/\/aresima.antropologiamadrid.org\/index.php?rest_route=\/wp\/v2\/users\/1"}],"replies":[{"embeddable":true,"href":"https:\/\/aresima.antropologiamadrid.org\/index.php?rest_route=%2Fwp%2Fv2%2Fcomments&post=223"}],"version-history":[{"count":5,"href":"https:\/\/aresima.antropologiamadrid.org\/index.php?rest_route=\/wp\/v2\/posts\/223\/revisions"}],"predecessor-version":[{"id":233,"href":"https:\/\/aresima.antropologiamadrid.org\/index.php?rest_route=\/wp\/v2\/posts\/223\/revisions\/233"}],"wp:featuredmedia":[{"embeddable":true,"href":"https:\/\/aresima.antropologiamadrid.org\/index.php?rest_route=\/wp\/v2\/media\/227"}],"wp:attachment":[{"href":"https:\/\/aresima.antropologiamadrid.org\/index.php?rest_route=%2Fwp%2Fv2%2Fmedia&parent=223"}],"wp:term":[{"taxonomy":"category","embeddable":true,"href":"https:\/\/aresima.antropologiamadrid.org\/index.php?rest_route=%2Fwp%2Fv2%2Fcategories&post=223"},{"taxonomy":"post_tag","embeddable":true,"href":"https:\/\/aresima.antropologiamadrid.org\/index.php?rest_route=%2Fwp%2Fv2%2Ftags&post=223"}],"curies":[{"name":"wp","href":"https:\/\/api.w.org\/{rel}","templated":true}]}}