{"id":257,"date":"2024-09-17T18:29:48","date_gmt":"2024-09-17T16:29:48","guid":{"rendered":"https:\/\/aresima.antropologiamadrid.org\/?p=257"},"modified":"2025-05-10T10:47:25","modified_gmt":"2025-05-10T08:47:25","slug":"ganadores-del-fotoaresima-2024","status":"publish","type":"post","link":"https:\/\/aresima.antropologiamadrid.org\/?p=257","title":{"rendered":"Ganadores del FotoARESIMA 2024"},"content":{"rendered":"\n<p>El ARESIMA tiene el gusto de presentar a los ganadores\/as del I Concurso FotoARESIMA 2024 aqu\u00ed \u00e0 <a href=\"https:\/\/academia.asociacioneleusis.es\/fotoaresima-premiados-as\/\">https:\/\/academia.asociacioneleusis.es\/fotoaresima-premiados-as\/<\/a><\/p>\n\n\n\n<p>Adem\u00e1s queremos destacar que\u2026<\/p>\n\n\n\n<ul class=\"wp-block-list\">\n<li>El <strong>30 de octubre<\/strong> se inaugurar\u00e1 la exposici\u00f3n fotogr\u00e1fica \u00abFOTOGRAFIAR LO INVISIBLE\u00bb en el <strong>Museo Nacional de Antropolog\u00eda en Madrid<\/strong>, con una selecci\u00f3n de las fotos enviadas a concurso, momento en que se har\u00e1 la <strong>entrega de premios<\/strong>.<\/li>\n\n\n\n<li>El Instituto Madrile\u00f1o de Antropolog\u00eda (IMA) confeccionar\u00e1 un <strong>calendario para el a\u00f1o 2025<\/strong>, para ser enviado a sus socios\/as, ilustrado con fotos del concurso.<\/li>\n\n\n\n<li>Las fotos quedar\u00e1n disponibles para ser <strong>usadas libremente<\/strong>, indicando siempre la autor\u00eda de la imagen.<\/li>\n<\/ul>\n\n\n\n<p>El objetivo de FotoARESIMA es hacer visible, mediante im\u00e1genes, la diversidad de pr\u00e1cticas religiosas y espirituales en Espa\u00f1a. Se valora, m\u00e1s que la calidad t\u00e9cnica, la mirada antropol\u00f3gica que muestra, la relaci\u00f3n que se da entre los seres humanos y no humanos (sus gestos, sus miradas, sus cuerpos) y los objetos, actividades, espacios, etc., religiosos, espirituales, de sanaci\u00f3n\u2026<\/p>\n\n\n\n<p>\u00a1\u00a1\u00a1Os animamos a ir pensando ya en la edici\u00f3n de <strong>FotoARESIMA 2025<\/strong>!!!<\/p>\n\n\n\n<ul class=\"wp-block-list\">\n<li>La <strong>Galer\u00eda<\/strong> de fotograf\u00edas presentadas al concurso FotoARESIMA 2024 est\u00e1 disponible en \u00e0 <a href=\"https:\/\/academia.asociacioneleusis.es\/fotoaresima-2024-galeria-principal\/\">https:\/\/academia.asociacioneleusis.es\/fotoaresima-2024-galeria-principal\/<\/a><\/li>\n\n\n\n<li><strong>Bases del concurso<\/strong> FotoARESIMA 2024 \u00e0 Bases del Concurso: <a href=\"https:\/\/academia.asociacioneleusis.es\/fotoaresima\/\">https:\/\/academia.asociacioneleusis.es\/fotoaresima\/<\/a><\/li>\n<\/ul>\n\n\n\n<p>ORGANIZADO en colaboraci\u00f3n con la <a href=\"https:\/\/academia.asociacioneleusis.es\/fotoaresima\/\">ASOCIACI\u00d3N ELEUSIS<\/a> y el <a href=\"https:\/\/www.cultura.gob.es\/mnantropologia\/actividades\/agenda\/2024\/exposiciones-temporales2024\/aresima.html\">MUSEO NACIONAL DE ANTROPOLOG\u00cdA<\/a>.<\/p>\n\n\n\n<p><\/p>\n","protected":false},"excerpt":{"rendered":"<p>El ARESIMA tiene el gusto de presentar a los ganadores\/as del I Concurso FotoARESIMA 2024 aqu\u00ed \u00e0 https:\/\/academia.asociacioneleusis.es\/fotoaresima-premiados-as\/ Adem\u00e1s queremos destacar que\u2026 El objetivo de FotoARESIMA es hacer visible, mediante&hellip;&nbsp;<a href=\"https:\/\/aresima.antropologiamadrid.org\/?p=257\" class=\"\" rel=\"bookmark\">Leer m\u00e1s &raquo;<span class=\"screen-reader-text\">Ganadores del FotoARESIMA 2024<\/span><\/a><\/p>\n","protected":false},"author":3,"featured_media":258,"comment_status":"closed","ping_status":"closed","sticky":false,"template":"","format":"standard","meta":{"neve_meta_sidebar":"","neve_meta_container":"","neve_meta_enable_content_width":"","neve_meta_content_width":0,"neve_meta_title_alignment":"","neve_meta_author_avatar":"","neve_post_elements_order":"","neve_meta_disable_header":"","neve_meta_disable_footer":"","neve_meta_disable_title":"","_themeisle_gutenberg_block_has_review":false,"footnotes":""},"categories":[11,3],"tags":[12,7,6,9,5,8],"class_list":["post-257","post","type-post","status-publish","format-standard","has-post-thumbnail","hentry","category-fotoaresima","category-blog","tag-fotoaresima","tag-antropologia","tag-concursos","tag-espiritualidad","tag-fotografia","tag-religion"],"_links":{"self":[{"href":"https:\/\/aresima.antropologiamadrid.org\/index.php?rest_route=\/wp\/v2\/posts\/257","targetHints":{"allow":["GET"]}}],"collection":[{"href":"https:\/\/aresima.antropologiamadrid.org\/index.php?rest_route=\/wp\/v2\/posts"}],"about":[{"href":"https:\/\/aresima.antropologiamadrid.org\/index.php?rest_route=\/wp\/v2\/types\/post"}],"author":[{"embeddable":true,"href":"https:\/\/aresima.antropologiamadrid.org\/index.php?rest_route=\/wp\/v2\/users\/3"}],"replies":[{"embeddable":true,"href":"https:\/\/aresima.antropologiamadrid.org\/index.php?rest_route=%2Fwp%2Fv2%2Fcomments&post=257"}],"version-history":[{"count":2,"href":"https:\/\/aresima.antropologiamadrid.org\/index.php?rest_route=\/wp\/v2\/posts\/257\/revisions"}],"predecessor-version":[{"id":260,"href":"https:\/\/aresima.antropologiamadrid.org\/index.php?rest_route=\/wp\/v2\/posts\/257\/revisions\/260"}],"wp:featuredmedia":[{"embeddable":true,"href":"https:\/\/aresima.antropologiamadrid.org\/index.php?rest_route=\/wp\/v2\/media\/258"}],"wp:attachment":[{"href":"https:\/\/aresima.antropologiamadrid.org\/index.php?rest_route=%2Fwp%2Fv2%2Fmedia&parent=257"}],"wp:term":[{"taxonomy":"category","embeddable":true,"href":"https:\/\/aresima.antropologiamadrid.org\/index.php?rest_route=%2Fwp%2Fv2%2Fcategories&post=257"},{"taxonomy":"post_tag","embeddable":true,"href":"https:\/\/aresima.antropologiamadrid.org\/index.php?rest_route=%2Fwp%2Fv2%2Ftags&post=257"}],"curies":[{"name":"wp","href":"https:\/\/api.w.org\/{rel}","templated":true}]}}