{"id":71,"date":"2016-05-26T17:32:00","date_gmt":"2016-05-26T15:32:00","guid":{"rendered":""},"modified":"2024-04-14T23:47:00","modified_gmt":"2024-04-14T21:47:00","slug":"constitucion-de-la-asociacion-de-jovenes-investigadores-en-ciencias-de-las-religiones","status":"publish","type":"post","link":"https:\/\/aresima.antropologiamadrid.org\/?p=71","title":{"rendered":"Constituci\u00f3n de la Asociaci\u00f3n de J\u00f3venes Investigadores en Ciencias de las Religiones"},"content":{"rendered":"<p>Damos la enhorabuena a la Asociaci\u00f3n de J\u00f3venes Investigadores en Ciencias de las Religiones por su constitucion, y que inauguran la secci\u00f3n <i><b><a href=\"https:\/\/ajicr.wordpress.com\/multimedia\/\">Multimedia<\/a><\/b><\/i>&nbsp;con unas cuantas fotograf\u00edas de las diferentes ponencias realizadas por algunos&nbsp;de los miembros de <b><a href=\"https:\/\/ajicr.wordpress.com\/quienessomos\/\" target=\"_blank\" rel=\"noopener\">AJICR<\/a>&nbsp;<\/b>en el XI Congreso de Ciencias de las Religiones organizado por la<b> <a href=\"http:\/\/secr.es\/\">SECR<\/a>&nbsp;<\/b>sobre<i> <a href=\"http:\/\/secr.es\/xi-congreso-de-la-sociedad-espanola-de-ciencias-de-las-religiones-violencia-paz-y-religion-3\/\" target=\"_blank\" rel=\"noopener\">\u201cViolencia, Paz y Religi\u00f3n\u201d<\/a><\/i>, y de la ponencia realizada en <b><a href=\"https:\/\/aresima.antropologiamadrid.org\/\">ARESIMA<\/a><\/b>, sobre<a href=\"https:\/\/aresima.antropologiamadrid.org\/2016\/04\/muerte-y-budismo-en-espana-aproximacion.html\" target=\"_blank\" rel=\"noopener\"><i> \u201cMuerte y Budismo en Espa\u00f1a\u201d<\/i><\/a><b>.<\/b><\/p>\n<p><a href=\"https:\/\/ajicr.wordpress.com\/multimedia\/\">https:\/\/ajicr.wordpress.com\/multimedia\/<\/a><\/p>\n<div style=\"clear: both; text-align: center;\">\n<a href=\"https:\/\/2.bp.blogspot.com\/-sjP53H9huZc\/V07GJiIGK8I\/AAAAAAAAAXE\/iWpaJwdq1YAPd2e1oY7CoUAeIXuS3BEAwCLcB\/s1600\/2016-05-17%2B19.13.04.jpg\" style=\"margin-left: 1em; margin-right: 1em;\"><img loading=\"lazy\" decoding=\"async\" border=\"0\" height=\"240\" src=\"https:\/\/2.bp.blogspot.com\/-sjP53H9huZc\/V07GJiIGK8I\/AAAAAAAAAXE\/iWpaJwdq1YAPd2e1oY7CoUAeIXuS3BEAwCLcB\/s320\/2016-05-17%2B19.13.04.jpg\" width=\"320\" \/><\/a><\/div>\n","protected":false},"excerpt":{"rendered":"<p>Damos la enhorabuena a la Asociaci\u00f3n de J\u00f3venes Investigadores en Ciencias de las Religiones por su constitucion, y que inauguran la secci\u00f3n Multimedia&nbsp;con unas cuantas fotograf\u00edas de las diferentes ponencias&hellip;&nbsp;<a href=\"https:\/\/aresima.antropologiamadrid.org\/?p=71\" class=\"\" rel=\"bookmark\">Leer m\u00e1s &raquo;<span class=\"screen-reader-text\">Constituci\u00f3n de la Asociaci\u00f3n de J\u00f3venes Investigadores en Ciencias de las Religiones<\/span><\/a><\/p>\n","protected":false},"author":1,"featured_media":112,"comment_status":"closed","ping_status":"closed","sticky":false,"template":"","format":"standard","meta":{"neve_meta_sidebar":"","neve_meta_container":"","neve_meta_enable_content_width":"","neve_meta_content_width":0,"neve_meta_title_alignment":"","neve_meta_author_avatar":"","neve_post_elements_order":"","neve_meta_disable_header":"","neve_meta_disable_footer":"","neve_meta_disable_title":"","_themeisle_gutenberg_block_has_review":false,"footnotes":""},"categories":[3],"tags":[],"class_list":["post-71","post","type-post","status-publish","format-standard","has-post-thumbnail","hentry","category-blog"],"_links":{"self":[{"href":"https:\/\/aresima.antropologiamadrid.org\/index.php?rest_route=\/wp\/v2\/posts\/71","targetHints":{"allow":["GET"]}}],"collection":[{"href":"https:\/\/aresima.antropologiamadrid.org\/index.php?rest_route=\/wp\/v2\/posts"}],"about":[{"href":"https:\/\/aresima.antropologiamadrid.org\/index.php?rest_route=\/wp\/v2\/types\/post"}],"author":[{"embeddable":true,"href":"https:\/\/aresima.antropologiamadrid.org\/index.php?rest_route=\/wp\/v2\/users\/1"}],"replies":[{"embeddable":true,"href":"https:\/\/aresima.antropologiamadrid.org\/index.php?rest_route=%2Fwp%2Fv2%2Fcomments&post=71"}],"version-history":[{"count":2,"href":"https:\/\/aresima.antropologiamadrid.org\/index.php?rest_route=\/wp\/v2\/posts\/71\/revisions"}],"predecessor-version":[{"id":148,"href":"https:\/\/aresima.antropologiamadrid.org\/index.php?rest_route=\/wp\/v2\/posts\/71\/revisions\/148"}],"wp:featuredmedia":[{"embeddable":true,"href":"https:\/\/aresima.antropologiamadrid.org\/index.php?rest_route=\/wp\/v2\/media\/112"}],"wp:attachment":[{"href":"https:\/\/aresima.antropologiamadrid.org\/index.php?rest_route=%2Fwp%2Fv2%2Fmedia&parent=71"}],"wp:term":[{"taxonomy":"category","embeddable":true,"href":"https:\/\/aresima.antropologiamadrid.org\/index.php?rest_route=%2Fwp%2Fv2%2Fcategories&post=71"},{"taxonomy":"post_tag","embeddable":true,"href":"https:\/\/aresima.antropologiamadrid.org\/index.php?rest_route=%2Fwp%2Fv2%2Ftags&post=71"}],"curies":[{"name":"wp","href":"https:\/\/api.w.org\/{rel}","templated":true}]}}