{"id":77,"date":"2016-01-06T16:49:00","date_gmt":"2016-01-06T15:49:00","guid":{"rendered":""},"modified":"2025-05-10T12:17:06","modified_gmt":"2025-05-10T10:17:06","slug":"cristian-rozas-vidal-y-santiago-lopez-pavillard-doctores","status":"publish","type":"post","link":"https:\/\/aresima.antropologiamadrid.org\/?p=77","title":{"rendered":"Cristi\u00e1n Rozas Vidal y Santiago L\u00f3pez Pavillard, doctores"},"content":{"rendered":"<p><!--[if gte mso 9]><xml>\n <w:WordDocument>\n  <w:View>Normal<\/w:View>\n  <w:Zoom>0<\/w:Zoom>\n  <w:HyphenationZone>21<\/w:HyphenationZone>\n  <w:Compatibility>\n   <w:BreakWrappedTables\/>\n   <w:SnapToGridInCell\/>\n   <w:ApplyBreakingRules\/>\n   <w:WrapTextWithPunct\/>\n   <w:UseAsianBreakRules\/>\n   <w:UseFELayout\/>\n  <\/w:Compatibility>\n  <w:BrowserLevel>MicrosoftInternetExplorer4<\/w:BrowserLevel>\n <\/w:WordDocument>\n<\/xml><![endif]--><span style=\"font-size: large;\"><\/span><br \/>\n<!--[if gte mso 10]>\n\n<![endif]--><\/p>\n<p><\/p>\n<div style=\"line-height: 150%; text-align: justify; text-justify: inter-ideograph;\">\n<span style=\"font-family: Times,&quot;Times New Roman&quot;,serif; font-size: large;\">Durante <b>2015 <\/b>se<br \/>\npresentaron&nbsp; para su defensa dos tesis doctorales escritas por miembros del<br \/>\nARESIMA, ambas dirigidas por la Dra. M\u00f3nica Cornejo Valle, profesora de Antropolog\u00eda de las Religiones en la Universidad Complutense de Madrid, y miembro igualmente<br \/>\ndel ARESIMA.<\/span><\/div>\n<div style=\"line-height: 150%; text-align: justify; text-justify: inter-ideograph;\">\n<span style=\"font-family: Times,&quot;Times New Roman&quot;,serif; font-size: large;\"><br \/><\/span><\/div>\n<div style=\"line-height: 150%; margin-bottom: .0001pt; margin-bottom: 0cm; text-align: justify; text-justify: inter-ideograph;\">\n<span style=\"font-family: Times,&quot;Times New Roman&quot;,serif; font-size: large;\"><span style=\"line-height: 150%;\">El <b style=\"mso-bidi-font-weight: normal;\">4 de febrero<\/b> <b style=\"mso-bidi-font-weight: normal;\">Cristi\u00e1n Rozas Vidal<\/b><br \/>\npresenta su tesis titulada \u201c<i><span style=\"font-style: normal; mso-bidi-font-style: italic;\"><a href=\"http:\/\/eprints.ucm.es\/32849\/\" target=\"_blank\" rel=\"noopener\">M\u00fasica y evangelismo: la materialidad de una pr\u00e1ctica religiosa<\/a>\u201d<\/span><\/i><\/span><\/span><\/div>\n<div style=\"line-height: 150%; margin-bottom: .0001pt; margin-bottom: 0cm; text-align: justify; text-justify: inter-ideograph;\">\n<span style=\"font-family: Times,&quot;Times New Roman&quot;,serif; font-size: large;\"><br \/><\/span><\/div>\n<div style=\"line-height: 150%; margin-bottom: .0001pt; margin-bottom: 0cm; text-align: justify; text-justify: inter-ideograph;\">\n<span style=\"font-family: Times,&quot;Times New Roman&quot;,serif; font-size: large;\"><br \/><\/span><\/div>\n<table align=\"center\" cellpadding=\"0\" cellspacing=\"0\" style=\"margin-left: auto; margin-right: auto; text-align: center;\">\n<tbody>\n<tr>\n<td style=\"text-align: center;\"><a href=\"https:\/\/aresima.antropologiamadrid.org\/wp-content\/uploads\/2016\/01\/2015-03-12-2B13.14.40.jpg\" style=\"margin-left: auto; margin-right: auto;\"><img loading=\"lazy\" decoding=\"async\" border=\"0\" height=\"240\" src=\"https:\/\/aresima.antropologiamadrid.org\/wp-content\/uploads\/2016\/01\/2015-03-12-2B13.14.40-300x225.jpg\" width=\"320\" \/><\/a><\/td>\n<\/tr>\n<tr>\n<td style=\"text-align: center;\">Acto de defensa de la Tesis de Cristi\u00e1n Rozas Vidal<\/td>\n<\/tr>\n<\/tbody>\n<\/table>\n<div style=\"clear: both; text-align: center;\">\n<span style=\"font-family: Times,&quot;Times New Roman&quot;,serif; font-size: large;\"><i><\/i><\/span><\/div>\n<div style=\"line-height: 150%; margin-bottom: .0001pt; margin-bottom: 0cm; text-align: justify; text-justify: inter-ideograph;\">\n<span style=\"font-family: Times,&quot;Times New Roman&quot;,serif; font-size: large;\"><\/span><\/div>\n<div style=\"line-height: 150%; margin-bottom: .0001pt; margin-bottom: 0cm; text-align: justify; text-justify: inter-ideograph;\">\n<span style=\"font-family: Times,&quot;Times New Roman&quot;,serif; font-size: large;\"><span style=\"line-height: 150%;\"><span style=\"font-style: normal; mso-bidi-font-style: italic;\">El <b style=\"mso-bidi-font-weight: normal;\">22 de julio<\/b> presenta su tesis <\/span>el<br \/>\ndoctorando <b style=\"mso-bidi-font-weight: normal;\">Santiago L\u00f3pez Pavillard<\/b>,<br \/>\ntitulada \u201c<span style=\"mso-bidi-font-weight: bold;\">La vida como proceso de<br \/>\nsanaci\u00f3n. Pr\u00e1cticas cham\u00e1nicas del alto Amazonas en torno a la ayahuasca en<br \/>\nEspa\u00f1a\u201d.&nbsp;<\/span><\/span><\/span><\/div>\n<div style=\"line-height: 150%; margin-bottom: .0001pt; margin-bottom: 0cm; text-align: justify; text-justify: inter-ideograph;\">\n<span style=\"font-family: Times,&quot;Times New Roman&quot;,serif; font-size: large;\"><br \/><\/span><\/div>\n<table align=\"center\" cellpadding=\"0\" cellspacing=\"0\" style=\"margin-left: auto; margin-right: auto; text-align: center;\">\n<tbody>\n<tr>\n<td style=\"text-align: center;\"><a href=\"https:\/\/aresima.antropologiamadrid.org\/wp-content\/uploads\/2016\/01\/IMG_2315.jpg\" style=\"margin-left: auto; margin-right: auto;\"><img loading=\"lazy\" decoding=\"async\" border=\"0\" height=\"180\" src=\"https:\/\/aresima.antropologiamadrid.org\/wp-content\/uploads\/2016\/01\/IMG_2315-300x169.jpg\" width=\"320\" \/><\/a><\/td>\n<\/tr>\n<tr>\n<td style=\"text-align: center;\">Acto de defensa de la Tesis de Santiago L\u00f3pez Pavillard<\/td>\n<\/tr>\n<\/tbody>\n<\/table>\n<div style=\"clear: both; text-align: center;\">\n<span style=\"font-family: Times,&quot;Times New Roman&quot;,serif; font-size: large;\"><\/span><\/div>\n<div style=\"line-height: 150%; margin-bottom: .0001pt; margin-bottom: 0cm; text-align: justify; text-justify: inter-ideograph;\">\n<span style=\"font-family: Times,&quot;Times New Roman&quot;,serif; font-size: large;\"><\/span><\/div>\n<div style=\"line-height: 150%; margin-bottom: .0001pt; margin-bottom: 0cm; text-align: justify; text-justify: inter-ideograph;\">\n<span style=\"font-family: Times,&quot;Times New Roman&quot;,serif; font-size: large;\"><span style=\"line-height: 150%;\"><span style=\"mso-bidi-font-weight: bold;\">Ambas tesis fueron presentadas en el Departamento de Antropolog\u00eda<br \/>\nSocial, de la Universidad Complutense.<\/span><\/span><\/span><\/div>\n<div style=\"line-height: 150%; margin-bottom: .0001pt; margin-bottom: 0cm; text-align: justify; text-justify: inter-ideograph;\">\n<\/div>\n","protected":false},"excerpt":{"rendered":"<p>Durante 2015 se presentaron&nbsp; para su defensa dos tesis doctorales escritas por miembros del ARESIMA, ambas dirigidas por la Dra. M\u00f3nica Cornejo Valle, profesora de Antropolog\u00eda de las Religiones en&hellip;&nbsp;<a href=\"https:\/\/aresima.antropologiamadrid.org\/?p=77\" class=\"\" rel=\"bookmark\">Leer m\u00e1s &raquo;<span class=\"screen-reader-text\">Cristi\u00e1n Rozas Vidal y Santiago L\u00f3pez Pavillard, doctores<\/span><\/a><\/p>\n","protected":false},"author":1,"featured_media":121,"comment_status":"closed","ping_status":"closed","sticky":false,"template":"","format":"standard","meta":{"neve_meta_sidebar":"","neve_meta_container":"","neve_meta_enable_content_width":"","neve_meta_content_width":0,"neve_meta_title_alignment":"","neve_meta_author_avatar":"","neve_post_elements_order":"","neve_meta_disable_header":"","neve_meta_disable_footer":"","neve_meta_disable_title":"","_themeisle_gutenberg_block_has_review":false,"footnotes":""},"categories":[3],"tags":[],"class_list":["post-77","post","type-post","status-publish","format-standard","has-post-thumbnail","hentry","category-blog"],"_links":{"self":[{"href":"https:\/\/aresima.antropologiamadrid.org\/index.php?rest_route=\/wp\/v2\/posts\/77","targetHints":{"allow":["GET"]}}],"collection":[{"href":"https:\/\/aresima.antropologiamadrid.org\/index.php?rest_route=\/wp\/v2\/posts"}],"about":[{"href":"https:\/\/aresima.antropologiamadrid.org\/index.php?rest_route=\/wp\/v2\/types\/post"}],"author":[{"embeddable":true,"href":"https:\/\/aresima.antropologiamadrid.org\/index.php?rest_route=\/wp\/v2\/users\/1"}],"replies":[{"embeddable":true,"href":"https:\/\/aresima.antropologiamadrid.org\/index.php?rest_route=%2Fwp%2Fv2%2Fcomments&post=77"}],"version-history":[{"count":2,"href":"https:\/\/aresima.antropologiamadrid.org\/index.php?rest_route=\/wp\/v2\/posts\/77\/revisions"}],"predecessor-version":[{"id":151,"href":"https:\/\/aresima.antropologiamadrid.org\/index.php?rest_route=\/wp\/v2\/posts\/77\/revisions\/151"}],"wp:featuredmedia":[{"embeddable":true,"href":"https:\/\/aresima.antropologiamadrid.org\/index.php?rest_route=\/wp\/v2\/media\/121"}],"wp:attachment":[{"href":"https:\/\/aresima.antropologiamadrid.org\/index.php?rest_route=%2Fwp%2Fv2%2Fmedia&parent=77"}],"wp:term":[{"taxonomy":"category","embeddable":true,"href":"https:\/\/aresima.antropologiamadrid.org\/index.php?rest_route=%2Fwp%2Fv2%2Fcategories&post=77"},{"taxonomy":"post_tag","embeddable":true,"href":"https:\/\/aresima.antropologiamadrid.org\/index.php?rest_route=%2Fwp%2Fv2%2Ftags&post=77"}],"curies":[{"name":"wp","href":"https:\/\/api.w.org\/{rel}","templated":true}]}}