{"id":80,"date":"2014-06-04T09:32:00","date_gmt":"2014-06-04T07:32:00","guid":{"rendered":""},"modified":"2025-06-14T23:41:46","modified_gmt":"2025-06-14T21:41:46","slug":"i-jornadas-de-gobernanza-con-la-oficina-de-asuntos-publicos-de-la-comunidad-bahai","status":"publish","type":"post","link":"https:\/\/aresima.antropologiamadrid.org\/?p=80","title":{"rendered":"I Jornadas de Gobernanza, con la Oficina de Asuntos P\u00fablicos de la Comunidad Baha&#8217;i"},"content":{"rendered":"<p><a href=\"https:\/\/aresima.antropologiamadrid.org\/wp-content\/uploads\/2014\/06\/Cartel-jornada-gobernanza-may-2014-PNG-redes-sociales-1.png\" style=\"clear: left; float: left; margin-bottom: 1em; margin-right: 1em;\"><img loading=\"lazy\" decoding=\"async\" border=\"0\" src=\"https:\/\/aresima.antropologiamadrid.org\/wp-content\/uploads\/2014\/06\/Cartel-jornada-gobernanza-may-2014-PNG-redes-sociales-1.png\" height=\"320\" width=\"227\" \/><\/a><\/p>\n<div style=\"text-align: justify;\">\nEl pasado 22 de Mayo, el ARESIMA particip\u00f3 en las&nbsp;<b>I Jornadas de Gobernanza<\/b> que organizaba la <b>Oficina de Asuntos P\u00fablicos de la <\/b><a href=\"http:\/\/bahai.es\/prensa\/2014\/05\/presentacion-y-programa-de-las-primeras-jornadas-sobre-gobernanza\/\"><b>Comunidad Baha&#8217;i<\/b> <\/a>de Madr\u00edd, con el apoyo de diversas instituciones, incluido el Instituto Madrile\u00f1o de Antropolog\u00eda, el Ministerio de Justicia, la Fundaci\u00f3n Nehal, la Universidad Complutense de Madrid, y otros.&nbsp;<\/div>\n<p><\/p>\n<div style=\"text-align: justify;\">\n<\/div>\n<div style=\"text-align: justify;\">\nLas Jornadas se celebraron en el magn\u00edfico edificio del Centro de Estudios Pol\u00edticos y Constitucionales, bajo el lema y t\u00edtulo:&nbsp;<span style=\"background-color: white;\"><i><b><span style=\"font-family: Georgia, Times, 'Times New Roman', serif; font-size: 15px; line-height: 17px; text-align: center;\">El imperativo de la colaboraci\u00f3n: el gobierno, la sociedad civil&nbsp;<\/span><span style=\"font-family: Georgia, Times, 'Times New Roman', serif; font-size: 15px; line-height: 17px; text-align: center;\">y la empresa&nbsp;navegando en un mar de complejidad socia<\/span><\/b><\/i><\/span><span style=\"background-color: #ebf3fa; font-family: Georgia, Times, 'Times New Roman', serif; font-size: 15px; line-height: 17px; text-align: center;\">l<\/span>. Como no pod\u00eda ser de otro modo, fueron un \u00e9xito y tuvimos la oportunidad de encontrarnos una vez m\u00e1s con amigos y colegas de investigaci\u00f3n, como Ricardo Garc\u00eda, Juan Jos\u00e9 Tamayo o Iv\u00e1n Arjona.&nbsp;<\/div>\n<div style=\"text-align: justify;\">\n<\/div>\n<div style=\"text-align: justify;\">\n<a href=\"https:\/\/aresima.antropologiamadrid.org\/wp-content\/uploads\/2014\/06\/Tamayo-copia-640x425-.jpg\" style=\"clear: right; float: right; margin-bottom: 1em; margin-left: 1em;\"><img loading=\"lazy\" decoding=\"async\" border=\"0\" src=\"https:\/\/aresima.antropologiamadrid.org\/wp-content\/uploads\/2014\/06\/Tamayo-copia-640x425-.jpg\" height=\"212\" width=\"320\" \/><\/a><\/div>\n<div style=\"text-align: justify;\">\n<\/div>\n<div style=\"text-align: justify;\">\n<\/div>\n<div style=\"text-align: justify;\">\n<\/div>\n<p>Desde aqu\u00ed queremos agradecer a Sergio Garc\u00eda y a Nuria Vahdat su invitaci\u00f3n, transmiti\u00e9ndoles nuestras felicitaciones por el \u00e9xito de la Jornada.<\/p>\n<div style=\"text-align: justify;\">\n<\/div>\n<div style=\"text-align: justify;\">\n<\/div>\n<div style=\"text-align: justify;\">\n<a href=\"http:\/\/bahai.es\/prensa\/wp-content\/uploads\/2014\/05\/Invitaci%C3%B3n-a-Primera-jornada-sobre-gobernanza-may-2014.pdf\">Descargar programa de las Jornadas de Gobernanza<\/a><\/div>\n","protected":false},"excerpt":{"rendered":"<p>El pasado 22 de Mayo, el ARESIMA particip\u00f3 en las&nbsp;I Jornadas de Gobernanza que organizaba la Oficina de Asuntos P\u00fablicos de la Comunidad Baha&#8217;i de Madr\u00edd, con el apoyo de&hellip;&nbsp;<a href=\"https:\/\/aresima.antropologiamadrid.org\/?p=80\" class=\"\" rel=\"bookmark\">Leer m\u00e1s &raquo;<span class=\"screen-reader-text\">I Jornadas de Gobernanza, con la Oficina de Asuntos P\u00fablicos de la Comunidad Baha&#8217;i<\/span><\/a><\/p>\n","protected":false},"author":1,"featured_media":128,"comment_status":"closed","ping_status":"closed","sticky":false,"template":"","format":"standard","meta":{"neve_meta_sidebar":"","neve_meta_container":"","neve_meta_enable_content_width":"","neve_meta_content_width":0,"neve_meta_title_alignment":"","neve_meta_author_avatar":"","neve_post_elements_order":"","neve_meta_disable_header":"","neve_meta_disable_footer":"","neve_meta_disable_title":"","_themeisle_gutenberg_block_has_review":false,"footnotes":""},"categories":[3],"tags":[],"class_list":["post-80","post","type-post","status-publish","format-standard","has-post-thumbnail","hentry","category-blog"],"_links":{"self":[{"href":"https:\/\/aresima.antropologiamadrid.org\/index.php?rest_route=\/wp\/v2\/posts\/80","targetHints":{"allow":["GET"]}}],"collection":[{"href":"https:\/\/aresima.antropologiamadrid.org\/index.php?rest_route=\/wp\/v2\/posts"}],"about":[{"href":"https:\/\/aresima.antropologiamadrid.org\/index.php?rest_route=\/wp\/v2\/types\/post"}],"author":[{"embeddable":true,"href":"https:\/\/aresima.antropologiamadrid.org\/index.php?rest_route=\/wp\/v2\/users\/1"}],"replies":[{"embeddable":true,"href":"https:\/\/aresima.antropologiamadrid.org\/index.php?rest_route=%2Fwp%2Fv2%2Fcomments&post=80"}],"version-history":[{"count":2,"href":"https:\/\/aresima.antropologiamadrid.org\/index.php?rest_route=\/wp\/v2\/posts\/80\/revisions"}],"predecessor-version":[{"id":154,"href":"https:\/\/aresima.antropologiamadrid.org\/index.php?rest_route=\/wp\/v2\/posts\/80\/revisions\/154"}],"wp:featuredmedia":[{"embeddable":true,"href":"https:\/\/aresima.antropologiamadrid.org\/index.php?rest_route=\/wp\/v2\/media\/128"}],"wp:attachment":[{"href":"https:\/\/aresima.antropologiamadrid.org\/index.php?rest_route=%2Fwp%2Fv2%2Fmedia&parent=80"}],"wp:term":[{"taxonomy":"category","embeddable":true,"href":"https:\/\/aresima.antropologiamadrid.org\/index.php?rest_route=%2Fwp%2Fv2%2Fcategories&post=80"},{"taxonomy":"post_tag","embeddable":true,"href":"https:\/\/aresima.antropologiamadrid.org\/index.php?rest_route=%2Fwp%2Fv2%2Ftags&post=80"}],"curies":[{"name":"wp","href":"https:\/\/api.w.org\/{rel}","templated":true}]}}